{"id":1699,"date":"2017-12-04T15:19:34","date_gmt":"2017-12-04T15:19:34","guid":{"rendered":"http:\/\/www.esbb.pt\/web\/?p=1699"},"modified":"2017-12-04T15:19:53","modified_gmt":"2017-12-04T15:19:53","slug":"associacao-de-estudantes-tomada-de-posse","status":"publish","type":"post","link":"https:\/\/www.esbb.pt\/web\/2017\/12\/04\/associacao-de-estudantes-tomada-de-posse\/","title":{"rendered":"Associa\u00e7\u00e3o de Estudantes &#8211; Tomada de Posse"},"content":{"rendered":"<p>No dia 16 de novembro, realizou-se a cerim\u00f3nia de tomada de posse dos novos org\u00e3os sociais da associa\u00e7\u00e3o de estudantes da Escola Secund\u00e1ria da Baixa da Banheira, que passa a ser liderada por Rodrigo Nascimento.<\/p>\n<p>A cerim\u00f3nia teve lugar no audit\u00f3rio da escola e contou com a presen\u00e7a dos alunos, professores, dire\u00e7\u00e3o, autarcas e de outros elementos da comunidade escolar.<\/p>\n<p><!--more--><br \/>\nA associa\u00e7\u00e3o de estudantes, durante a sua apresenta\u00e7\u00e3o, sublinhou que \u00e9 necess\u00e1rio assumir uma postura colaborante, dinamizadora, que orgulhe e envolva todos os alunos da escola.<\/p>\n<p>&nbsp;<\/p>\n<table>\n<tbody>\n<tr>\n<td><a href=\"http:\/\/www.esbb.pt\/web\/wp-content\/uploads\/2017\/12\/IMG_20171116_095713.jpg\"><img loading=\"lazy\" decoding=\"async\" class=\"size-full wp-image-1701 aligncenter\" src=\"http:\/\/www.esbb.pt\/web\/wp-content\/uploads\/2017\/12\/IMG_20171116_095713.jpg\" alt=\"\" width=\"512\" height=\"288\" srcset=\"https:\/\/www.esbb.pt\/web\/wp-content\/uploads\/2017\/12\/IMG_20171116_095713.jpg 512w, https:\/\/www.esbb.pt\/web\/wp-content\/uploads\/2017\/12\/IMG_20171116_095713-300x169.jpg 300w\" sizes=\"auto, (max-width: 512px) 100vw, 512px\" \/><\/a><\/td>\n<td><a href=\"http:\/\/www.esbb.pt\/web\/wp-content\/uploads\/2017\/12\/IMG_20171116_100126.jpg\"><img loading=\"lazy\" decoding=\"async\" class=\"size-full wp-image-1703 aligncenter\" src=\"http:\/\/www.esbb.pt\/web\/wp-content\/uploads\/2017\/12\/IMG_20171116_100126.jpg\" alt=\"\" width=\"512\" height=\"288\" srcset=\"https:\/\/www.esbb.pt\/web\/wp-content\/uploads\/2017\/12\/IMG_20171116_100126.jpg 512w, https:\/\/www.esbb.pt\/web\/wp-content\/uploads\/2017\/12\/IMG_20171116_100126-300x169.jpg 300w\" sizes=\"auto, (max-width: 512px) 100vw, 512px\" \/><\/a><\/td>\n<\/tr>\n<tr>\n<td><a href=\"http:\/\/www.esbb.pt\/web\/wp-content\/uploads\/2017\/12\/IMG_20171116_100144.jpg\"><img loading=\"lazy\" decoding=\"async\" class=\"size-full wp-image-1704 aligncenter\" src=\"http:\/\/www.esbb.pt\/web\/wp-content\/uploads\/2017\/12\/IMG_20171116_100144.jpg\" alt=\"\" width=\"512\" height=\"288\" srcset=\"https:\/\/www.esbb.pt\/web\/wp-content\/uploads\/2017\/12\/IMG_20171116_100144.jpg 512w, https:\/\/www.esbb.pt\/web\/wp-content\/uploads\/2017\/12\/IMG_20171116_100144-300x169.jpg 300w\" sizes=\"auto, (max-width: 512px) 100vw, 512px\" \/><\/a><\/td>\n<td><a href=\"http:\/\/www.esbb.pt\/web\/wp-content\/uploads\/2017\/12\/IMG_20171116_100446.jpg\"><img loading=\"lazy\" decoding=\"async\" class=\"size-full wp-image-1705 aligncenter\" src=\"http:\/\/www.esbb.pt\/web\/wp-content\/uploads\/2017\/12\/IMG_20171116_100446.jpg\" alt=\"\" width=\"512\" height=\"288\" srcset=\"https:\/\/www.esbb.pt\/web\/wp-content\/uploads\/2017\/12\/IMG_20171116_100446.jpg 512w, https:\/\/www.esbb.pt\/web\/wp-content\/uploads\/2017\/12\/IMG_20171116_100446-300x169.jpg 300w\" sizes=\"auto, (max-width: 512px) 100vw, 512px\" \/><\/a><\/td>\n<\/tr>\n<\/tbody>\n<\/table>\n","protected":false},"excerpt":{"rendered":"<p>No dia 16 de novembro, realizou-se a cerim\u00f3nia de tomada de posse dos novos org\u00e3os sociais da associa\u00e7\u00e3o de estudantes da Escola Secund\u00e1ria da Baixa da Banheira, que passa a ser liderada por Rodrigo Nascimento. A cerim\u00f3nia teve lugar no audit\u00f3rio da escola e contou com a presen\u00e7a dos alunos, professores, dire\u00e7\u00e3o, autarcas e de &#8230; <a title=\"Associa\u00e7\u00e3o de Estudantes &#8211; Tomada de Posse\" class=\"read-more\" href=\"https:\/\/www.esbb.pt\/web\/2017\/12\/04\/associacao-de-estudantes-tomada-de-posse\/\" aria-label=\"Leia mais sobre Associa\u00e7\u00e3o de Estudantes &#8211; Tomada de Posse\">Ler mais<\/a><\/p>\n","protected":false},"author":1,"featured_media":1700,"comment_status":"closed","ping_status":"open","sticky":false,"template":"","format":"standard","meta":{"footnotes":""},"categories":[1],"tags":[],"class_list":["post-1699","post","type-post","status-publish","format-standard","has-post-thumbnail","hentry","category-geral"],"_links":{"self":[{"href":"https:\/\/www.esbb.pt\/web\/wp-json\/wp\/v2\/posts\/1699","targetHints":{"allow":["GET"]}}],"collection":[{"href":"https:\/\/www.esbb.pt\/web\/wp-json\/wp\/v2\/posts"}],"about":[{"href":"https:\/\/www.esbb.pt\/web\/wp-json\/wp\/v2\/types\/post"}],"author":[{"embeddable":true,"href":"https:\/\/www.esbb.pt\/web\/wp-json\/wp\/v2\/users\/1"}],"replies":[{"embeddable":true,"href":"https:\/\/www.esbb.pt\/web\/wp-json\/wp\/v2\/comments?post=1699"}],"version-history":[{"count":2,"href":"https:\/\/www.esbb.pt\/web\/wp-json\/wp\/v2\/posts\/1699\/revisions"}],"predecessor-version":[{"id":1707,"href":"https:\/\/www.esbb.pt\/web\/wp-json\/wp\/v2\/posts\/1699\/revisions\/1707"}],"wp:featuredmedia":[{"embeddable":true,"href":"https:\/\/www.esbb.pt\/web\/wp-json\/wp\/v2\/media\/1700"}],"wp:attachment":[{"href":"https:\/\/www.esbb.pt\/web\/wp-json\/wp\/v2\/media?parent=1699"}],"wp:term":[{"taxonomy":"category","embeddable":true,"href":"https:\/\/www.esbb.pt\/web\/wp-json\/wp\/v2\/categories?post=1699"},{"taxonomy":"post_tag","embeddable":true,"href":"https:\/\/www.esbb.pt\/web\/wp-json\/wp\/v2\/tags?post=1699"}],"curies":[{"name":"wp","href":"https:\/\/api.w.org\/{rel}","templated":true}]}}