{"id":1,"date":"2007-05-19T10:01:21","date_gmt":"2007-05-19T10:01:21","guid":{"rendered":"http:\/\/www.esbb.pt\/web\/?p=1"},"modified":"2017-05-12T16:58:47","modified_gmt":"2017-05-12T16:58:47","slug":"30aniversarioesbb","status":"publish","type":"post","link":"https:\/\/www.esbb.pt\/web\/2007\/05\/19\/30aniversarioesbb\/","title":{"rendered":"30\u00ba Anivers\u00e1rio da Escola Secund\u00e1ria da Baixa da Banheira"},"content":{"rendered":"<p>Celebramos ainda no pr\u00f3ximo ano lectivo, os 30 anos da nossa escola.<\/p>\n<p>E essa evoca\u00e7\u00e3o para n\u00f3s ganha sentido no respeito pelo que fomos, no orgulho do que somos e na afirma\u00e7\u00e3o do que queremos ser, continuando a nossa miss\u00e3o de desafiar o futuro em que os nossos alunos se projectam.<\/p>\n<p>Em breve procederemos \u00e0 divulga\u00e7\u00e3o do programa de comemora\u00e7\u00f5es do trig\u00e9simo anivers\u00e1rio.<\/p>\n","protected":false},"excerpt":{"rendered":"<p>Celebramos ainda no pr\u00f3ximo ano lectivo, os 30 anos da nossa escola. E essa evoca\u00e7\u00e3o para n\u00f3s ganha sentido no respeito pelo que fomos, no orgulho do que somos e na afirma\u00e7\u00e3o do que queremos ser, continuando a nossa miss\u00e3o de desafiar o futuro em que os nossos alunos se projectam. Em breve procederemos \u00e0 &#8230; <a title=\"30\u00ba Anivers\u00e1rio da Escola Secund\u00e1ria da Baixa da Banheira\" class=\"read-more\" href=\"https:\/\/www.esbb.pt\/web\/2007\/05\/19\/30aniversarioesbb\/\" aria-label=\"Leia mais sobre 30\u00ba Anivers\u00e1rio da Escola Secund\u00e1ria da Baixa da Banheira\">Ler mais<\/a><\/p>\n","protected":false},"author":1,"featured_media":7,"comment_status":"closed","ping_status":"closed","sticky":false,"template":"","format":"standard","meta":{"footnotes":""},"categories":[1],"tags":[],"class_list":["post-1","post","type-post","status-publish","format-standard","has-post-thumbnail","hentry","category-geral"],"_links":{"self":[{"href":"https:\/\/www.esbb.pt\/web\/wp-json\/wp\/v2\/posts\/1","targetHints":{"allow":["GET"]}}],"collection":[{"href":"https:\/\/www.esbb.pt\/web\/wp-json\/wp\/v2\/posts"}],"about":[{"href":"https:\/\/www.esbb.pt\/web\/wp-json\/wp\/v2\/types\/post"}],"author":[{"embeddable":true,"href":"https:\/\/www.esbb.pt\/web\/wp-json\/wp\/v2\/users\/1"}],"replies":[{"embeddable":true,"href":"https:\/\/www.esbb.pt\/web\/wp-json\/wp\/v2\/comments?post=1"}],"version-history":[{"count":2,"href":"https:\/\/www.esbb.pt\/web\/wp-json\/wp\/v2\/posts\/1\/revisions"}],"predecessor-version":[{"id":6,"href":"https:\/\/www.esbb.pt\/web\/wp-json\/wp\/v2\/posts\/1\/revisions\/6"}],"wp:featuredmedia":[{"embeddable":true,"href":"https:\/\/www.esbb.pt\/web\/wp-json\/wp\/v2\/media\/7"}],"wp:attachment":[{"href":"https:\/\/www.esbb.pt\/web\/wp-json\/wp\/v2\/media?parent=1"}],"wp:term":[{"taxonomy":"category","embeddable":true,"href":"https:\/\/www.esbb.pt\/web\/wp-json\/wp\/v2\/categories?post=1"},{"taxonomy":"post_tag","embeddable":true,"href":"https:\/\/www.esbb.pt\/web\/wp-json\/wp\/v2\/tags?post=1"}],"curies":[{"name":"wp","href":"https:\/\/api.w.org\/{rel}","templated":true}]}}